{"id":928,"date":"2025-01-14T07:39:05","date_gmt":"2025-01-14T06:39:05","guid":{"rendered":"https:\/\/lightofmylife.fr\/?p=928"},"modified":"2025-01-14T19:48:20","modified_gmt":"2025-01-14T18:48:20","slug":"la-cinematheque-francaise-dans-la-tourmente","status":"publish","type":"post","link":"https:\/\/lightofmylife.fr\/index.php\/2025\/01\/14\/la-cinematheque-francaise-dans-la-tourmente\/","title":{"rendered":"La Cin\u00e9math\u00e8que fran\u00e7aise dans la tourmente"},"content":{"rendered":"\n<p>Alors que la Cin\u00e9math\u00e8que fran\u00e7aise s&rsquo;appr\u00eate \u00e0 accueillir en grandes pompes <a href=\"https:\/\/www.cinematheque.fr\/cycle\/david-cronenberg-1325.html\" target=\"_blank\" rel=\"noreferrer noopener\">David Cronenberg<\/a>, un article de <em>Politis<\/em> (accessible en laissant son mail) nomm\u00e9 <a href=\"https:\/\/www.politis.fr\/articles\/2025\/01\/climat-deletere-et-management-toxique-la-cinematheque-francaise-en-pleine-tourmente\/\" target=\"_blank\" rel=\"noreferrer noopener\">\u00ab Climat d\u00e9l\u00e9t\u00e8re \u00bb et \u00abmanagement toxique\u00bb : la Cin\u00e9math\u00e8que fran\u00e7aise en pleine tourmente<\/a> fait un point sur la temp\u00eate actuelle au sein de l&rsquo;institution fran\u00e7aise. La crise de d\u00e9cembre dernier, qui avait vu l&rsquo;annulation de la projection du film <em>Le Dernier Tango \u00e0 Paris<\/em> dans le cadre d&rsquo;une r\u00e9trospective consacr\u00e9e \u00e0 Marlon Brando, a eu pour effet de lever le voile sur le climat anxiog\u00e8ne qui y r\u00e8gne actuellement.<\/p>\n\n\n\n<p>L&rsquo;absence de contextualisation autour du film, qui avait mis le feu aux poudres et suscit\u00e9 les protestations de personnalit\u00e9s du cin\u00e9ma et d&rsquo;associations f\u00e9ministes, n&rsquo;\u00e9tait finalement que le sympt\u00f4me d&rsquo;un malaise plus profond qui, d&rsquo;apr\u00e8s l&rsquo;article, est li\u00e9 aux m\u00e9thodes de management qui y ont cours.<\/p>\n\n\n\n<p><em>\u00ab\u00a0Conseil d\u2019administration extraordinaire, tracts syndicaux, r\u00e9union \u00e9lectrique avec le personnel, audition par la commission d\u2019enqu\u00eate parlementaire sur les violences sexuelles dans le cin\u00e9ma et bouillonnement d\u2019Instagram : 2025 semble d\u00e9marrer avec le m\u00eame degr\u00e9 de tension que 2024 s\u2019est achev\u00e9e\u00a0\u00bb, <\/em>commence l&rsquo;article qui aurait gagn\u00e9 \u00e0 exposer aussi le point de vue de la direction de la Cin\u00e9math\u00e8que, mais celle-ci a d\u00e9clin\u00e9 les demandes de <em>Politis.<\/em><\/p>\n\n\n\n<p>On peut \u00e9galement lire sur le compte X de <a href=\"https:\/\/x.com\/la_rebelge\/status\/1878457937313636766?s=10&amp;mx=2\" target=\"_blank\" rel=\"noreferrer noopener\">Sandra Benedetti @la_rebelge<\/a> : <em>\u00ab\u00a0Les t\u00e9moignages, nombreux, de management toxique \u00e0 la Cin\u00e9math\u00e8que fran\u00e7aise remontent au moins \u00e0 2005. Pr\u00e9carisation du \u00ab\u00a0petit personnel\u00a0\u00bb \u00e0 dessein, pressions, m\u00e9pris, chantages, horaires effroyables. Gr\u00e8ve tu\u00e9e dans l\u2019\u0153uf. M\u00e9pris envers les abonn\u00e9s, aussi. Une Lettre ouverte.\u00a0\u00bb<\/em><\/p>\n\n\n\n<p>Un article de <a href=\"https:\/\/www.telerama.fr\/cinema\/crise-a-la-cinematheque-francaise-l-institution-est-elle-devenue-un-bastion-misogyne-7023871.php#xtor=AL-276\" target=\"_blank\" rel=\"noreferrer noopener\">T\u00e9l\u00e9rama <\/a>dat\u00e9 du 14 janvier fait \u00e0 son tour le point sur la situation.<\/p>\n\n\n\n<p>Je laisse chacun se faire son avis \u00e0 la lecture de ces sources. Force est de constater qu&rsquo;un changement de direction ainsi qu&rsquo;une f\u00e9minisation des cadres dirigeants ne serait pas une mauvaise id\u00e9e pour sortir cette institution publique de la tourmente et r\u00e9tablir la confiance des salari\u00e9s (et des spectateurs).<\/p>\n","protected":false},"excerpt":{"rendered":"<p>Alors que la Cin\u00e9math\u00e8que fran\u00e7aise s&rsquo;appr\u00eate \u00e0 accueillir en grandes pompes David Cronenberg, un article de Politis (accessible en laissant son mail) nomm\u00e9 \u00ab Climat d\u00e9l\u00e9t\u00e8re \u00bb et \u00abmanagement toxique\u00bb : la Cin\u00e9math\u00e8que fran\u00e7aise en pleine tourmente fait un point sur la temp\u00eate actuelle au sein de l&rsquo;institution fran\u00e7aise. La crise de d\u00e9cembre dernier, qui&#8230;<\/p>\n","protected":false},"author":1,"featured_media":934,"comment_status":"open","ping_status":"open","sticky":false,"template":"","format":"standard","meta":{"_monsterinsights_skip_tracking":false,"_monsterinsights_sitenote_active":false,"_monsterinsights_sitenote_note":"","_monsterinsights_sitenote_category":0,"footnotes":""},"categories":[91],"tags":[94,95],"class_list":["post-928","post","type-post","status-publish","format-standard","has-post-thumbnail","hentry","category-societe","tag-cinematheque-francaise","tag-david-cronenberg"],"_links":{"self":[{"href":"https:\/\/lightofmylife.fr\/index.php\/wp-json\/wp\/v2\/posts\/928","targetHints":{"allow":["GET"]}}],"collection":[{"href":"https:\/\/lightofmylife.fr\/index.php\/wp-json\/wp\/v2\/posts"}],"about":[{"href":"https:\/\/lightofmylife.fr\/index.php\/wp-json\/wp\/v2\/types\/post"}],"author":[{"embeddable":true,"href":"https:\/\/lightofmylife.fr\/index.php\/wp-json\/wp\/v2\/users\/1"}],"replies":[{"embeddable":true,"href":"https:\/\/lightofmylife.fr\/index.php\/wp-json\/wp\/v2\/comments?post=928"}],"version-history":[{"count":12,"href":"https:\/\/lightofmylife.fr\/index.php\/wp-json\/wp\/v2\/posts\/928\/revisions"}],"predecessor-version":[{"id":959,"href":"https:\/\/lightofmylife.fr\/index.php\/wp-json\/wp\/v2\/posts\/928\/revisions\/959"}],"wp:featuredmedia":[{"embeddable":true,"href":"https:\/\/lightofmylife.fr\/index.php\/wp-json\/wp\/v2\/media\/934"}],"wp:attachment":[{"href":"https:\/\/lightofmylife.fr\/index.php\/wp-json\/wp\/v2\/media?parent=928"}],"wp:term":[{"taxonomy":"category","embeddable":true,"href":"https:\/\/lightofmylife.fr\/index.php\/wp-json\/wp\/v2\/categories?post=928"},{"taxonomy":"post_tag","embeddable":true,"href":"https:\/\/lightofmylife.fr\/index.php\/wp-json\/wp\/v2\/tags?post=928"}],"curies":[{"name":"wp","href":"https:\/\/api.w.org\/{rel}","templated":true}]}}