{"id":742,"date":"2025-01-01T09:48:24","date_gmt":"2025-01-01T08:48:24","guid":{"rendered":"https:\/\/lightofmylife.fr\/?p=742"},"modified":"2025-01-02T18:20:28","modified_gmt":"2025-01-02T17:20:28","slug":"voeux-cinephiliques-et-joies-a-venir","status":"publish","type":"post","link":"https:\/\/lightofmylife.fr\/index.php\/2025\/01\/01\/voeux-cinephiliques-et-joies-a-venir\/","title":{"rendered":"V\u0153ux cin\u00e9philiques et joies \u00e0 venir"},"content":{"rendered":"\n<p>Interrogation, confusion&#8230; En quelle ann\u00e9e sommes-nous ? Comme se le demande Dale Cooper \u00e0 la fin de la g\u00e9niale troisi\u00e8me saison de <em>Twin Peaks,<\/em> nous avons perdu le fil. Nous avan\u00e7ons \u00e0 l&rsquo;aveugle, \u00e0 pas h\u00e9sitants, sans savoir de quoi le monde de demain sera fait. Loin de nous les certitudes d&rsquo;antan, vive l&rsquo;impr\u00e9visible !<\/p>\n\n\n\n<p>C&rsquo;est sur cette note un tantinet perplexe que s&rsquo;ouvre le mois sp\u00e9cial sur <a href=\"https:\/\/lightofmylife.fr\/\">Lightofmylife.fr<\/a>. Chaque jour jusqu&rsquo;\u00e0 la fin du mois, je nous donnerai une raison de croire en l&rsquo;avenir \u00e0 travers ces chers objets culturels qui nous aident \u00e0 affronter les difficult\u00e9s. Au programme : le meilleur de 2024, des BO incontournables, des documentaires, des podcasts et des livres tri\u00e9s sur le volet&#8230; Et des surprises !<\/p>\n\n\n\n<p>J&rsquo;ai choisi de privil\u00e9gier l&rsquo;optimisme malgr\u00e9 la morosit\u00e9 ambiante. Et pour les plus attentifs*, un concours permettra \u00e0 l&rsquo;un d&rsquo;entre vous de remporter un beau cadeau en fin de parcours. Alors, bonne ann\u00e9e 2025 ! Et rendez-vous d\u00e8s demain pour le premier (vrai) post. <\/p>\n\n\n\n<p>*cliquez sur l&rsquo;enveloppe dans la colonne de droite pour vous abonner \u00e0 la newsletter<\/p>\n","protected":false},"excerpt":{"rendered":"<p>Interrogation, confusion&#8230; En quelle ann\u00e9e sommes-nous ? Comme se le demande Dale Cooper \u00e0 la fin de la g\u00e9niale troisi\u00e8me saison de Twin Peaks, nous avons perdu le fil. Nous avan\u00e7ons \u00e0 l&rsquo;aveugle, \u00e0 pas h\u00e9sitants, sans savoir de quoi le monde de demain sera fait. Loin de nous les certitudes d&rsquo;antan, vive l&rsquo;impr\u00e9visible !&#8230;<\/p>\n","protected":false},"author":1,"featured_media":743,"comment_status":"open","ping_status":"open","sticky":false,"template":"","format":"standard","meta":{"_monsterinsights_skip_tracking":false,"_monsterinsights_sitenote_active":false,"_monsterinsights_sitenote_note":"","_monsterinsights_sitenote_category":0,"footnotes":""},"categories":[29],"tags":[],"class_list":["post-742","post","type-post","status-publish","format-standard","has-post-thumbnail","hentry","category-culture"],"_links":{"self":[{"href":"https:\/\/lightofmylife.fr\/index.php\/wp-json\/wp\/v2\/posts\/742","targetHints":{"allow":["GET"]}}],"collection":[{"href":"https:\/\/lightofmylife.fr\/index.php\/wp-json\/wp\/v2\/posts"}],"about":[{"href":"https:\/\/lightofmylife.fr\/index.php\/wp-json\/wp\/v2\/types\/post"}],"author":[{"embeddable":true,"href":"https:\/\/lightofmylife.fr\/index.php\/wp-json\/wp\/v2\/users\/1"}],"replies":[{"embeddable":true,"href":"https:\/\/lightofmylife.fr\/index.php\/wp-json\/wp\/v2\/comments?post=742"}],"version-history":[{"count":5,"href":"https:\/\/lightofmylife.fr\/index.php\/wp-json\/wp\/v2\/posts\/742\/revisions"}],"predecessor-version":[{"id":759,"href":"https:\/\/lightofmylife.fr\/index.php\/wp-json\/wp\/v2\/posts\/742\/revisions\/759"}],"wp:featuredmedia":[{"embeddable":true,"href":"https:\/\/lightofmylife.fr\/index.php\/wp-json\/wp\/v2\/media\/743"}],"wp:attachment":[{"href":"https:\/\/lightofmylife.fr\/index.php\/wp-json\/wp\/v2\/media?parent=742"}],"wp:term":[{"taxonomy":"category","embeddable":true,"href":"https:\/\/lightofmylife.fr\/index.php\/wp-json\/wp\/v2\/categories?post=742"},{"taxonomy":"post_tag","embeddable":true,"href":"https:\/\/lightofmylife.fr\/index.php\/wp-json\/wp\/v2\/tags?post=742"}],"curies":[{"name":"wp","href":"https:\/\/api.w.org\/{rel}","templated":true}]}}