{"id":705,"date":"2024-12-08T18:43:32","date_gmt":"2024-12-08T17:43:32","guid":{"rendered":"https:\/\/lightofmylife.fr\/?p=705"},"modified":"2025-01-02T18:21:02","modified_gmt":"2025-01-02T17:21:02","slug":"entretien-avec-david-hertzog-dessites-je-navais-pas-prevu-de-suivre-michel-legrand-jusqua-la-fin","status":"publish","type":"post","link":"https:\/\/lightofmylife.fr\/index.php\/2024\/12\/08\/entretien-avec-david-hertzog-dessites-je-navais-pas-prevu-de-suivre-michel-legrand-jusqua-la-fin\/","title":{"rendered":"Entretien avec David Hertzog Dessites : \u00ab\u00a0Je n\u2019avais pas pr\u00e9vu de suivre Michel Legrand jusqu\u2019\u00e0 la fin\u00a0\u00bb"},"content":{"rendered":"\n<p>Monteur, sc\u00e9nariste et r\u00e9alisateur (notamment de making of), David Hertzog Dessites est n\u00e9 \u00e0 Cannes en 1973. Il vit un conte de f\u00e9e <a href=\"https:\/\/www.telerama.fr\/festival-de-cannes\/cannes-2024-la-grande-histoire-de-david-hertzog-dessites-avec-michel-legrand-7020518.php\" target=\"_blank\" rel=\"noreferrer noopener\">depuis le Festival de Cannes<\/a> et surtout depuis l&rsquo;aboutissement d&rsquo;ann\u00e9es de travail avec la sortie en salles d&rsquo;<em>Il \u00e9tait une fois Michel Legrand<\/em>, un documentaire sur le compositeur fran\u00e7ais sur lequel je suis <a href=\"https:\/\/lightofmylife.fr\/index.php\/2024\/12\/05\/il-etait-une-fois-michel-legrand-en-toute-intimite\/\" target=\"_blank\" rel=\"noreferrer noopener\">revenu ici<\/a>. J&rsquo;ai eu envie d&rsquo;en savoir plus sur l&rsquo;aventure de ce film hors du commun et sur son parcours. Un grand merci \u00e0 lui d&rsquo;avoir pris le temps de r\u00e9pondre \u00e0 mes questions.<\/p>\n\n\n\n<p><strong>Quelle a \u00e9t\u00e9 la plus grande difficult\u00e9 \u00e0 surmonter pendant ces sept ann\u00e9es de conception ?<\/strong><\/p>\n\n\n\n<p>Les difficult\u00e9s ont \u00e9t\u00e9 nombreuses et honn\u00eatement, toutes ont \u00e9t\u00e9 de grandes \u00e9tapes \u00e0 surmonter dans la fabrication du film, \u00e0 commencer par le manque cruel de moyens financiers. Faire un film sur Michel Legrand avec autant de musiques et autant d\u2019archives, cela \u00e9quivaut \u00e0 g\u00e9rer une usine \u00e0 gaz sur le plan des droits. Michel avait collabor\u00e9 avec de nombreux labels et majors, aussi il a fallu mettre tout le monde d\u2019accord, ce qui a \u00e9t\u00e9 long et laborieux. Mais quand j\u2019y r\u00e9fl\u00e9chis, le moment le plus difficile \u00e0 surmonter a \u00e9t\u00e9 de dire adieu \u00e0 Michel. Le film ne devait pas \u00eatre ce qu\u2019il est aujourd\u2019hui, je n\u2019avais pas pr\u00e9vu de suivre Michel Legrand jusqu\u2019\u00e0 la fin de ses jours. C\u2019est aussi ce qui a fait que le film a \u00e9t\u00e9 mis en pause. J\u2019avais besoin de prendre du recul, de faire le deuil.<\/p>\n\n\n\n<p><strong>Michel Legrand tenait-il \u00e0 montrer une \u00ab&nbsp;bonne&nbsp;\u00bb image de lui-m\u00eame ou n\u2019en avait-il rien \u00e0 faire ?<\/strong><\/p>\n\n\n\n<p>Je ne dirais pas que cela lui importait peu, mais Michel n\u2019avait que faire de \u00ab&nbsp;g\u00e9rer&nbsp;\u00bb son image. Il \u00e9tait brut de d\u00e9coffrage, ce qui \u00e9tait d\u2019ailleurs un probl\u00e8me pour certains. Travailler \u00e0 ses c\u00f4t\u00e9s voulait dire \u00eatre soumis parfois \u00e0 des moments de temp\u00eates, des col\u00e8res parfois odieuses de sa part. En ce sens, le film ne triche pas. Je tenais \u00e0 ce que l\u2019on montre qui il \u00e9tait en tant qu\u2019homme, mais sans que ce soit \u00e0 charge. L\u2019id\u00e9e n\u2019\u00e9tait pas de rentrer dans un d\u00e9bat puisqu\u2019il n\u2019y en a jamais eu. Michel n\u2019a jamais cach\u00e9 qu\u2019il pouvait \u00eatre temp\u00e9tueux, cela fait partie de sa l\u00e9gende. Il avait l\u2019impatience et les col\u00e8res d\u2019un enfant de 12 ans. Ce qui est formidable c\u2019est que le public ne s\u2019y est pas tromp\u00e9 en voyant le film. Tous les spectateurs nous disent \u00e0 quel point ils le d\u00e9couvrent et combien ces moments le rendent encore plus humain, et m\u00eame plus attachant.<\/p>\n\n\n\n<p><strong>Au moment du montage, quelle intention vous a guid\u00e9 pour mener \u00e0 bien ce travail ?<\/strong><\/p>\n\n\n\n<p>Il me fallait trouver comment raconter ces deux derni\u00e8res ann\u00e9es pass\u00e9es avec lui, sans pour autant que ce soit le seul arc narratif, sans que ce soit une chronologie. Et comme je tenais aussi \u00e0 donner des informations historiques sur son pass\u00e9, pour permettre aux plus jeunes de cerner qui \u00e9tait l\u2019artiste et son r\u00f4le dans l\u2019histoire de la chanson et du cin\u00e9ma, j\u2019ai tr\u00e8s rapidement m\u00e9lang\u00e9 les deux temporalit\u00e9s. Ce qui donne une lecture foisonnante du montage, cette sensation dont nous parle le public de ne jamais s\u2019ennuyer tout au long du film.<\/p>\n\n\n\n<p><strong>Quel a \u00e9t\u00e9 l\u2019apport de St\u00e9phane Lerouge* ?<\/strong><\/p>\n\n\n\n<p>Il a \u00e9t\u00e9 un v\u00e9ritable soutien \u00e0 bien des niveaux. Tout d\u2019abord dans ce que je qualifierai de narration pure du film, c\u2019est-\u00e0-dire celle amen\u00e9e par les diff\u00e9rentes interviews. Ensuite parce que St\u00e9phane \u00e9tait notre r\u00e9f\u00e9rent historique tant pour la construction du film, sur le plan musical, que pour sa sortie lorsque notre distributeur Dulac a d\u00e9velopp\u00e9 les outils marketing pour la promotion du film, comme notamment l\u2019exposition Michel Legrand que l\u2019on peut retrouver \u00e0 la Maison de la radio ou encore dans certains cin\u00e9mas. Mais \u00e9galement dans la fabrication du disque de la bande originale.<\/p>\n\n\n\n<figure class=\"wp-block-image size-full\"><img loading=\"lazy\" decoding=\"async\" width=\"680\" height=\"924\" src=\"https:\/\/lightofmylife.fr\/wp-content\/uploads\/2024\/12\/affiche-michel-legrand-doc-674dc9c480286609523932-copie.jpg\" alt=\"\" class=\"wp-image-715\" srcset=\"https:\/\/lightofmylife.fr\/wp-content\/uploads\/2024\/12\/affiche-michel-legrand-doc-674dc9c480286609523932-copie.jpg 680w, https:\/\/lightofmylife.fr\/wp-content\/uploads\/2024\/12\/affiche-michel-legrand-doc-674dc9c480286609523932-copie-221x300.jpg 221w, https:\/\/lightofmylife.fr\/wp-content\/uploads\/2024\/12\/affiche-michel-legrand-doc-674dc9c480286609523932-copie-300x408.jpg 300w\" sizes=\"auto, (max-width: 680px) 100vw, 680px\" \/><\/figure>\n\n\n\n<p><strong>On sent en regardant le film que vous devenez petit \u00e0 petit plus proche de lui, que votre amiti\u00e9 se noue, comment cela s\u2019est-il pass\u00e9 ?<\/strong><\/p>\n\n\n\n<p>Michel et moi n\u2019avons jamais parl\u00e9 de cette amiti\u00e9 naissante, elle s\u2019est impos\u00e9e de fa\u00e7on spontan\u00e9e, de fa\u00e7on tout \u00e0 fait fluide. Il y avait quelque chose de l\u2019ordre de l\u2019\u00e9nergie positive entre Michel et moi, ce qui ne l\u2019emp\u00eachait pas d\u2019avoir des acc\u00e8s d\u2019impatience, comme pendant cette sc\u00e8ne o\u00f9 nous sommes au montage lui et moi. Mais il se sentait \u00e0 l\u2019aise. Macha M\u00e9ril m\u2019avait dit que c\u2019\u00e9tait incroyable de voir qu\u2019il ne refusait pas ma cam\u00e9ra et ma pr\u00e9sence, lui qui d\u00e9testait \u00e7a d\u2019habitude. Il \u00e9tait \u00e0 l\u2019aise, en confiance, ce qui a donn\u00e9 ces images.<\/p>\n\n\n\n<p><strong>D\u2019apr\u00e8s vous, pourquoi Michel n\u2019a-t-il pas fait comme Maurice Jarre et d\u00e9m\u00e9nag\u00e9 d\u2019une fa\u00e7on permanente \u00e0 Hollywood ? Il aurait eu plus de moyens pour faire son travail.<\/strong><\/p>\n\n\n\n<p>Hollywood a \u00e9t\u00e9 g\u00e9n\u00e9rateur de gloire comme de grand stress. Il ne faut pas oublier que c\u2019est \u00e0 Los Angeles que Michel a fait cette d\u00e9pression qui l&rsquo;a contraint \u00e0 rentrer en France se faire soigner et l&rsquo;a priv\u00e9 de recevoir son premier oscar pour la chanson de <em>L&rsquo;Affaire Thomas Crown.<\/em> Il a exp\u00e9riment\u00e9 le pouvoir \u00e9crasant qu\u2019Hollywood peut aussi avoir sur ceux qui peuplent la ville. D\u00e8s lors, toute vie l\u00e0-bas fut impossible. Il n\u2019y retournera que par \u00e0-coup, pour des projets ponctuels.&nbsp;<\/p>\n\n\n\n<p><br><strong>Pourquoi ne pas avoir int\u00e9gr\u00e9 un extrait du premier concert de Morricone en France <strong>en 1984<\/strong><\/strong> <strong>\u00e0 Pleyel en compagnie de Michel et Georges&nbsp;Delerue ?<\/strong><\/p>\n\n\n\n<p>Ce n\u2019est pas par manque d\u2019envie mais par manque de moyens financiers.<\/p>\n\n\n\n<p><strong>J\u2019imagine que des questions budg\u00e9taires ont eu raison des extraits de films ?<\/strong><\/p>\n\n\n\n<p>Tout \u00e0 fait, des films comme des archives comme je le dis au-dessus. Un film comme celui-ci \u00e0 co\u00fbt\u00e9 une fortune en droits musiques et images. On est au minimum \u00e0 2 millions d\u2019euros, sachant que <em>Ennio <\/em>de Giuseppe Tornatore a cout\u00e9 3,7 M\u20ac. Pour ce film sur Michel, nous avons eu 430.000 M\u20ac\u2026 soit 4,5 fois moins environ. \u00c0 cela, nous ajoutons les d\u00e9passements et mon apport personnel sans lequel aucune image de Michel n\u2019existerait de 2017 \u00e0 2019, nous arrivons \u00e0 610.000 \u20ac. \u00c7a reste impossible \u00e0 faire, et pourtant avec mes coproducteurs nous l\u2019avons fait. Nous avons eu l\u2019aide de tous les partenaires du film, de l\u2019INA \u00e0 Universal Music France, Warner Chappell, OCS (via Guillaume Jouhet), etc. Tous ont jou\u00e9 un r\u00f4le capital dans la faisabilit\u00e9. Croyez-moi, ce film est un tour de force et c&rsquo;est un miracle qu\u2019il soit aujourd\u2019hui&nbsp;sur les \u00e9crans de cin\u00e9ma, un miracle rendu possible gr\u00e2ce \u00e0 Dulac Distribution.<\/p>\n\n\n\n<p><strong>Quel est votre BO pr\u00e9f\u00e9r\u00e9e de Michel Legrand et pourquoi ?<\/strong><\/p>\n\n\n\n<p>Je dirais <em>Yentl<\/em>, d\u2019abord parce que c\u2019est \u00e0 mon sens la plus belle partition de Michel. Ensuite parce que je suis un grand fan du film et qu\u2019il est rattach\u00e9 \u00e0 ma m\u00e8re qui me l\u2019a fait d\u00e9couvrir un soir de 1983 au cin\u00e9ma. Ce film, cette musique, ont scell\u00e9 mon admiration et mon amour pour Michel Legrand.<\/p>\n\n\n\n<p><strong>Quel est l\u2019h\u00e9ritage musical de Michel Legrand ? Qui sont ses successeurs ?<\/strong><\/p>\n\n\n\n<p>L\u2019h\u00e9ritage est consid\u00e9rable. Michel laisse une \u0153uvre colossale qui permet \u00e0 des compositeurs naissants de s\u2019en inspirer. Il a amen\u00e9 un sang neuf dans la musique au cin\u00e9ma, il a \u00e9t\u00e9 visionnaire avec<em> Les Parapluies de Cherbourg, <\/em>son apport \u00e0 la musique est immense, il est un compositeur majeur du 20<sup>e<\/sup> si\u00e8cle. Pour ce qui est des successeurs, difficile de se prononcer et cela reste assez subjectif. Mais Philippe Rombi pourrait sans h\u00e9siter \u00eatre de ceux-l\u00e0.<\/p>\n\n\n\n<p><strong>Avez-vous un autre film en pr\u00e9paration ?<\/strong><\/p>\n\n\n\n<p>L\u2019aventure de ce film a donn\u00e9 naissance \u00e0 une relation professionnelle totalement inattendue avec Martine et Thierry de Clermont-Tonnerre, nous nous sommes trouv\u00e9s. Si je consid\u00e8re Michel comme mon p\u00e8re artistique, je dirais que Martine est ma maman de cin\u00e9ma. Il y a plusieurs pistes, plusieurs projets potentiels. Martine souhaite de tout c\u0153ur que nous fassions une fiction ensemble, inspir\u00e9e de mon parcours de vie. C\u2019est un exercice particulier mais elle a abord\u00e9 le sujet avec une grande bienveillance et a su me mettre en confiance. Ce sera l\u2019un des projets que nous d\u00e9velopperons prochainement.<\/p>\n\n\n\n<p>* responsable chez Universal Music de la collection \u00ab\u00a0\u00c9coutez le cin\u00e9ma\u00a0\u00bb et biographe de Michel Legrand<\/p>\n\n\n\n<p><strong>Photo d&rsquo;ouverture, de gauche \u00e0 droite :<\/strong> Michel Legrand, St\u00e9phane Lerouge, Erik Berchot et David Hertzog Dessites<\/p>\n","protected":false},"excerpt":{"rendered":"<p>Monteur, sc\u00e9nariste et r\u00e9alisateur (notamment de making of), David Hertzog Dessites est n\u00e9 \u00e0 Cannes en 1973. Il vit un conte de f\u00e9e depuis le Festival de Cannes et surtout depuis l&rsquo;aboutissement d&rsquo;ann\u00e9es de travail avec la sortie en salles d&rsquo;Il \u00e9tait une fois Michel Legrand, un documentaire sur le compositeur fran\u00e7ais sur lequel je&#8230;<\/p>\n","protected":false},"author":1,"featured_media":707,"comment_status":"open","ping_status":"open","sticky":false,"template":"","format":"standard","meta":{"_monsterinsights_skip_tracking":false,"_monsterinsights_sitenote_active":false,"_monsterinsights_sitenote_note":"","_monsterinsights_sitenote_category":0,"footnotes":""},"categories":[16],"tags":[27,68,22],"class_list":["post-705","post","type-post","status-publish","format-standard","has-post-thumbnail","hentry","category-personnalites","tag-cinema","tag-entretien","tag-musique-de-film"],"_links":{"self":[{"href":"https:\/\/lightofmylife.fr\/index.php\/wp-json\/wp\/v2\/posts\/705","targetHints":{"allow":["GET"]}}],"collection":[{"href":"https:\/\/lightofmylife.fr\/index.php\/wp-json\/wp\/v2\/posts"}],"about":[{"href":"https:\/\/lightofmylife.fr\/index.php\/wp-json\/wp\/v2\/types\/post"}],"author":[{"embeddable":true,"href":"https:\/\/lightofmylife.fr\/index.php\/wp-json\/wp\/v2\/users\/1"}],"replies":[{"embeddable":true,"href":"https:\/\/lightofmylife.fr\/index.php\/wp-json\/wp\/v2\/comments?post=705"}],"version-history":[{"count":10,"href":"https:\/\/lightofmylife.fr\/index.php\/wp-json\/wp\/v2\/posts\/705\/revisions"}],"predecessor-version":[{"id":760,"href":"https:\/\/lightofmylife.fr\/index.php\/wp-json\/wp\/v2\/posts\/705\/revisions\/760"}],"wp:featuredmedia":[{"embeddable":true,"href":"https:\/\/lightofmylife.fr\/index.php\/wp-json\/wp\/v2\/media\/707"}],"wp:attachment":[{"href":"https:\/\/lightofmylife.fr\/index.php\/wp-json\/wp\/v2\/media?parent=705"}],"wp:term":[{"taxonomy":"category","embeddable":true,"href":"https:\/\/lightofmylife.fr\/index.php\/wp-json\/wp\/v2\/categories?post=705"},{"taxonomy":"post_tag","embeddable":true,"href":"https:\/\/lightofmylife.fr\/index.php\/wp-json\/wp\/v2\/tags?post=705"}],"curies":[{"name":"wp","href":"https:\/\/api.w.org\/{rel}","templated":true}]}}