{"id":663,"date":"2024-11-24T09:14:33","date_gmt":"2024-11-24T08:14:33","guid":{"rendered":"https:\/\/lightofmylife.fr\/?p=663"},"modified":"2025-01-02T18:22:35","modified_gmt":"2025-01-02T17:22:35","slug":"hayao-miyazaki-and-the-heron-plongee-intime-dans-un-cerveau-torture","status":"publish","type":"post","link":"https:\/\/lightofmylife.fr\/index.php\/2024\/11\/24\/hayao-miyazaki-and-the-heron-plongee-intime-dans-un-cerveau-torture\/","title":{"rendered":"Hayao Miyazaki and the Heron : plong\u00e9e intime dans un cerveau tortur\u00e9"},"content":{"rendered":"\n<p>Hayao Miyazaki comme on ne l&rsquo;a (presque) jamais vu. Un nouveau documentaire sort en salles chez nous ce mercredi et propose de plonger dans les coulisses de la cr\u00e9ation du dernier film du ma\u00eetre de l&rsquo;animation japonais <em>Le Gar\u00e7on et le H\u00e9ron<\/em> sorti en 2023. Soit neuf ann\u00e9es de travail intense.<\/p>\n\n\n\n<p>Il s&rsquo;agit du dernier film d&rsquo;une s\u00e9rie de documentaires r\u00e9alis\u00e9s depuis 2003 par Kaku Arakawa pour la NHK, la BBC japonaise. Le film suit le cin\u00e9aste de pr\u00e8s, y compris dans ses moments d&rsquo;intimit\u00e9, sans que celui-ci ne semble jamais g\u00ean\u00e9 par la cam\u00e9ra. Un extrait de la conf\u00e9rence de presse donn\u00e9e par Miyazaki en septembre 2013 voit le cin\u00e9aste annoncer qu&rsquo;il prend sa retraite du cin\u00e9ma. Il ne faudra pas longtemps pour qu&rsquo;il change d&rsquo;avis, tant le travail de cr\u00e9ation est consubstantiel \u00e0 sa nature.<\/p>\n\n\n\n<p>Au d\u00e9but de <em>Hayao Miyazaki and the Heron,<\/em> il reste 3598 jours avant la sortie de son nouveau film, soit presque une d\u00e9cennie pendant laquelle le cin\u00e9aste va affronter ses d\u00e9mons pour accoucher de sa nouvelle \u0153uvre. <em>\u00ab\u00a0J&rsquo;ai trop ouvert mon cerveau pour ce projet\u00a0\u00bb,<\/em> avoue-t-il \u00e0 la cam\u00e9ra. Il est vrai que Miyazaki s&rsquo;est livr\u00e9 enti\u00e8rement dans son film et ce documentaire permet de mesurer la profondeur de son implication.<\/p>\n\n\n\n<figure class=\"wp-block-image size-full\"><img loading=\"lazy\" decoding=\"async\" width=\"1024\" height=\"554\" src=\"https:\/\/lightofmylife.fr\/wp-content\/uploads\/2024\/11\/Miyazaki_1.jpg\" alt=\"\" class=\"wp-image-668\" srcset=\"https:\/\/lightofmylife.fr\/wp-content\/uploads\/2024\/11\/Miyazaki_1.jpg 1024w, https:\/\/lightofmylife.fr\/wp-content\/uploads\/2024\/11\/Miyazaki_1-300x162.jpg 300w, https:\/\/lightofmylife.fr\/wp-content\/uploads\/2024\/11\/Miyazaki_1-768x416.jpg 768w, https:\/\/lightofmylife.fr\/wp-content\/uploads\/2024\/11\/Miyazaki_1-850x460.jpg 850w\" sizes=\"auto, (max-width: 1024px) 100vw, 1024px\" \/><\/figure>\n\n\n\n<p>Le cin\u00e9aste aujourd&rsquo;hui \u00e2g\u00e9 de 83 ans en ressort en vieillard solitaire, assistant impuissant \u00e0 la disparition de ses proches un par un, et se demandant pourquoi il vit si longtemps. Sa connexion profonde avec Isao Takahata, avec lequel il fonda jadis le studio Ghibli (qu&rsquo;il nomme affectueusement Pak-San) appara\u00eet ici dans toute sa complexit\u00e9 : une amiti\u00e9 teint\u00e9e de rivalit\u00e9, d&rsquo;entraide et d&rsquo;\u00e9mulation. Son coll\u00e8gue, d\u00e9c\u00e9d\u00e9 en 2018, l&rsquo;accompagne r\u00e9guli\u00e8rement tel un esprit bienveillant avec lequel il dialogue parfois. C&rsquo;est d&rsquo;ailleurs lui qui l&rsquo;a encourag\u00e9 \u00e0 faire ce film, et Miyazaki l&rsquo;a inclus dans son histoire sous les traits du grand oncle.<\/p>\n\n\n\n<figure class=\"wp-block-image size-full\"><img loading=\"lazy\" decoding=\"async\" width=\"1024\" height=\"562\" src=\"https:\/\/lightofmylife.fr\/wp-content\/uploads\/2024\/11\/Miyazaki_3.jpg\" alt=\"\" class=\"wp-image-669\" srcset=\"https:\/\/lightofmylife.fr\/wp-content\/uploads\/2024\/11\/Miyazaki_3.jpg 1024w, https:\/\/lightofmylife.fr\/wp-content\/uploads\/2024\/11\/Miyazaki_3-300x165.jpg 300w, https:\/\/lightofmylife.fr\/wp-content\/uploads\/2024\/11\/Miyazaki_3-768x422.jpg 768w, https:\/\/lightofmylife.fr\/wp-content\/uploads\/2024\/11\/Miyazaki_3-850x467.jpg 850w\" sizes=\"auto, (max-width: 1024px) 100vw, 1024px\" \/><\/figure>\n\n\n\n<p>Amoureux de la nature, fascin\u00e9 par l&rsquo;enfance (qu&rsquo;il nomme les graines noires), le cin\u00e9aste semble en paix avec le monde et lui-m\u00eame une fois son film termin\u00e9, mais en proie aux pires doutes et affres de la cr\u00e9ation pendant toute la production. Miyazaki s&rsquo;accroche \u00e0 la seule chose qu&rsquo;il sait faire : travailler. <em>\u00ab\u00a0Si nous ne cr\u00e9ons pas, il n&rsquo;y a rien\u00a0\u00bb, <\/em>dit-il. Son producteur, Toshio Suzuki, ajoute : <em>\u00ab\u00a0La cr\u00e9ation est la seule chose qui le sauve.\u00a0\u00bb<\/em><\/p>\n\n\n\n<p>Miyazaki se livre sans aucune pudeur, comme si la cam\u00e9ra \u00e9tait sa confidente la plus proche. Angoisses, doutes, remords, espoir, joie et humour aussi, tout y passe. L&rsquo;homme, pour qui l&rsquo;imaginaire est plus r\u00e9el que la r\u00e9alit\u00e9, aime se perdre dans son univers fictif. Quand Suzuki lui sugg\u00e8re de se raser la barbe, Miyazaki s&rsquo;ex\u00e9cute et on croit d\u00e9couvrir un autre homme. Une fois le film sorti et le succ\u00e8s assur\u00e9, le cin\u00e9aste est aux toilettes quand la t\u00e9l\u00e9vision annonce sa victoire aux Oscars, ce qui est r\u00e9v\u00e9lateur.<\/p>\n\n\n\n<p>Seul regret, l&rsquo;apparition bien trop fugace de Joe Hisaishi, son compositeur f\u00e9tiche.<\/p>\n\n\n\n<p>Par un extraordinaire montage fluide et sans aff\u00e8teries, le documentaire se savoure non pas comme une entreprise hagiographique \u00e0 l&rsquo;am\u00e9ricaine, mais plut\u00f4t comme un portrait intime d&rsquo;une simplicit\u00e9 d\u00e9sarmante, soit l&rsquo;exact oppos\u00e9 du <a href=\"https:\/\/lightofmylife.fr\/index.php\/2024\/11\/01\/music-by-john-williams-un-hommage-savoureux-et-bienvenu\/\" target=\"_blank\" rel=\"noreferrer noopener\">r\u00e9cent film sur John Williams.<\/a> Esp\u00e9rons qu&rsquo;il ne faudra pas encore une d\u00e9cennie pour savourer en salles le prochain film de Miyazaki.<\/p>\n","protected":false},"excerpt":{"rendered":"<p>Hayao Miyazaki comme on ne l&rsquo;a (presque) jamais vu. Un nouveau documentaire sort en salles chez nous ce mercredi et propose de plonger dans les coulisses de la cr\u00e9ation du dernier film du ma\u00eetre de l&rsquo;animation japonais Le Gar\u00e7on et le H\u00e9ron sorti en 2023. Soit neuf ann\u00e9es de travail intense. Il s&rsquo;agit du dernier&#8230;<\/p>\n","protected":false},"author":1,"featured_media":666,"comment_status":"open","ping_status":"open","sticky":false,"template":"","format":"standard","meta":{"_monsterinsights_skip_tracking":false,"_monsterinsights_sitenote_active":false,"_monsterinsights_sitenote_note":"","_monsterinsights_sitenote_category":0,"footnotes":""},"categories":[16],"tags":[66,27],"class_list":["post-663","post","type-post","status-publish","format-standard","has-post-thumbnail","hentry","category-personnalites","tag-animation-japonaise","tag-cinema"],"_links":{"self":[{"href":"https:\/\/lightofmylife.fr\/index.php\/wp-json\/wp\/v2\/posts\/663","targetHints":{"allow":["GET"]}}],"collection":[{"href":"https:\/\/lightofmylife.fr\/index.php\/wp-json\/wp\/v2\/posts"}],"about":[{"href":"https:\/\/lightofmylife.fr\/index.php\/wp-json\/wp\/v2\/types\/post"}],"author":[{"embeddable":true,"href":"https:\/\/lightofmylife.fr\/index.php\/wp-json\/wp\/v2\/users\/1"}],"replies":[{"embeddable":true,"href":"https:\/\/lightofmylife.fr\/index.php\/wp-json\/wp\/v2\/comments?post=663"}],"version-history":[{"count":16,"href":"https:\/\/lightofmylife.fr\/index.php\/wp-json\/wp\/v2\/posts\/663\/revisions"}],"predecessor-version":[{"id":762,"href":"https:\/\/lightofmylife.fr\/index.php\/wp-json\/wp\/v2\/posts\/663\/revisions\/762"}],"wp:featuredmedia":[{"embeddable":true,"href":"https:\/\/lightofmylife.fr\/index.php\/wp-json\/wp\/v2\/media\/666"}],"wp:attachment":[{"href":"https:\/\/lightofmylife.fr\/index.php\/wp-json\/wp\/v2\/media?parent=663"}],"wp:term":[{"taxonomy":"category","embeddable":true,"href":"https:\/\/lightofmylife.fr\/index.php\/wp-json\/wp\/v2\/categories?post=663"},{"taxonomy":"post_tag","embeddable":true,"href":"https:\/\/lightofmylife.fr\/index.php\/wp-json\/wp\/v2\/tags?post=663"}],"curies":[{"name":"wp","href":"https:\/\/api.w.org\/{rel}","templated":true}]}}