{"id":564,"date":"2024-09-07T10:22:07","date_gmt":"2024-09-07T08:22:07","guid":{"rendered":"https:\/\/lightofmylife.fr\/?p=564"},"modified":"2025-01-02T18:24:57","modified_gmt":"2025-01-02T17:24:57","slug":"les-felins-quand-lalo-devient-schifrin","status":"publish","type":"post","link":"https:\/\/lightofmylife.fr\/index.php\/2024\/09\/07\/les-felins-quand-lalo-devient-schifrin\/","title":{"rendered":"Les F\u00e9lins : quand Lalo devient Schifrin"},"content":{"rendered":"\n<p>Avant d&rsquo;exploser mondialement avec le fabuleux th\u00e8me du g\u00e9n\u00e9rique de la s\u00e9rie <em>Mission : Impossible<\/em> en 1966, Lalo Schifrin s&rsquo;\u00e9tait d\u00e9j\u00e0 fait un nom dans le jazz, notamment aux c\u00f4t\u00e9s du trompettiste Dizzy Gillespie. Mais c&rsquo;est en 1964 que son talent de compositeur pour l&rsquo;\u00e9cran \u00e9clate au grand jour avec <em>Les F\u00e9lins<\/em> de Ren\u00e9 Cl\u00e9ment.<\/p>\n\n\n\n<p>Lalo est alors sous contrat avec le label Verve, propri\u00e9t\u00e9 de la MGM, qui finance le film avec le producteur Jacques Bar. Lalo parle fran\u00e7ais, ce qui fait qu&rsquo;il est choisi par Ren\u00e9 Cl\u00e9ment, car cela facilite les \u00e9changes. Malgr\u00e9 son relatif jeune \u00e2ge (32 ans) et son manque d&rsquo;exp\u00e9rience, le r\u00e9alisateur lui fait confiance d\u00e8s le d\u00e9part. Dans ce troisi\u00e8me film que Cl\u00e9ment signe avec Alain Delon, le g\u00e9n\u00e9rique commence par le cri d&rsquo;une femme suivi par un glissando descendant aux <a href=\"https:\/\/fr.wikipedia.org\/wiki\/Ondes_Martenot\" target=\"_blank\" rel=\"noreferrer noopener\">ondes Martenot<\/a>, puis un ostinato de guitare basse entame son rythme suivi par la fl\u00fbte, un clavecin, une contrebasse, et des cuivres pour un th\u00e8me devenu c\u00e9l\u00e8bre qui montre d&#8217;embl\u00e9e le g\u00e9nie de son compositeur, apte \u00e0 marier avec brio et une patte tr\u00e8s personnelle et tr\u00e8s \u00ab\u00a0groovy\u00a0\u00bb des instruments disparates et la voix humaine.<\/p>\n\n\n\n<p><em>\u00ab&nbsp;Ren\u00e9 Cl\u00e9ment m\u2019a permis de r\u00e9v\u00e9ler ce potentiel, de combiner musique symphonique, jazz et \u00e9lectronique. Si l\u2019on compare ma carri\u00e8re cin\u00e9matographique \u00e0 une maison,<\/em> Les F\u00e9lins<em> en sont les fondations&nbsp;\u00bb, <\/em>a dit le compositeur argentin, dont la carri\u00e8re n&rsquo;a pas eu le temps de monter en puissance. Elle d\u00e9marre d&rsquo;un coup au plus haut niveau et y restera un nombre incroyable d&rsquo;ann\u00e9es.<\/p>\n\n\n\n<p>Lalo raconte dans un <a href=\"https:\/\/www.cinematheque.fr\/video\/982.html\" target=\"_blank\" rel=\"noreferrer noopener\">entretien \u00e0 la Cin\u00e9math\u00e8que fran\u00e7aise<\/a> en 2017 que la musique lui vient dans la t\u00eate directement, compl\u00e8te, quand il regarde le premier montage du film, r\u00e9v\u00e9lation stup\u00e9fiante. Dans le livret du CD paru chez Universal Music, Lalo dit : <em>\u00ab\u00a0J&rsquo;avais en moi un ressort, des choses \u00e0 exprimer&#8230; Et ce sont <\/em>Les F\u00e9lins <em>qui m&rsquo;ont permis de r\u00e9v\u00e9ler ce potentiel, de combiner musique symphonique, jazz et \u00e9lectronique. Autrement dit, de faire faire la synth\u00e8se entre mes diff\u00e9rentes cultures&#8230; C&rsquo;\u00e9tait la premi\u00e8re fois. (&#8230;) Cette partition contient les germes de <\/em>Bullitt, Dirty Harry <em>ou <\/em>Op\u00e9ration Dragon.<em> On y trouve aussi bien du swing et des dissonances, de l&rsquo;orchestre et des formations plus r\u00e9duites.\u00a0\u00bb<\/em><\/p>\n\n\n\n<p><\/p>\n\n\n\n<figure class=\"wp-block-image size-full\"><img loading=\"lazy\" decoding=\"async\" width=\"1024\" height=\"599\" src=\"https:\/\/lightofmylife.fr\/wp-content\/uploads\/2024\/09\/Lalo_CF.jpg\" alt=\"\" class=\"wp-image-576\" srcset=\"https:\/\/lightofmylife.fr\/wp-content\/uploads\/2024\/09\/Lalo_CF.jpg 1024w, https:\/\/lightofmylife.fr\/wp-content\/uploads\/2024\/09\/Lalo_CF-300x175.jpg 300w, https:\/\/lightofmylife.fr\/wp-content\/uploads\/2024\/09\/Lalo_CF-768x449.jpg 768w, https:\/\/lightofmylife.fr\/wp-content\/uploads\/2024\/09\/Lalo_CF-850x497.jpg 850w\" sizes=\"auto, (max-width: 1024px) 100vw, 1024px\" \/><\/figure>\n\n\n\n<p>Cette exp\u00e9rience des <em>F\u00e9lins<\/em> et la rencontre avec Cl\u00e9ment resteront grav\u00e9s dans la m\u00e9moire du compositeur. Selon Lalo : <em>\u00ab\u00a0Pour moi, composer <\/em>Les F\u00e9lins,<em> c&rsquo;\u00e9tait comme passer une th\u00e8se. (&#8230;) A l&rsquo;arriv\u00e9e, le film m&rsquo;a donn\u00e9 davantage confiance en moi-m\u00eame : les id\u00e9es, les ambitions orchestrales que j&rsquo;avais en t\u00eate pouvaient prendre forme, se concr\u00e9tiser. Cette partition contient ma double passion pour le jazz et la musique moderne, sans doute aussi l&rsquo;influence d&rsquo;Olivier Messiaen, l&rsquo;un de mes ma\u00eetres.\u00a0\u00bb<\/em><\/p>\n\n\n\n<p>BO incontournable dans l\u2019\u0153uvre de Lalo, <em>Les F\u00e9lins <\/em>se savoure autant en disque que dans le film. Celui-ci, par la modernit\u00e9 de ses images en noir et blanc et son montage nerveux, par sa bascule \u00e9tonnante entre polar et thriller psychologique, par l&rsquo;ambiance v\u00e9n\u00e9neuse qu&rsquo;il distille, s&rsquo;impose comme un jalon important du cin\u00e9ma. Et la musique joue un r\u00f4le primordial dans sa r\u00e9ussite, tant elle donne aux images leur saveur et aux personnages leur ambigu\u00eft\u00e9. <\/p>\n\n\n\n<p>A noter que Lalo utilisera un th\u00e8me secondaire de la BO un peu plus tard dans un album pour Verve avec l&rsquo;organiste Jimmy Smith intitul\u00e9 <em>The Cat, <\/em>lui aussi devenu un standard du jazz.<\/p>\n\n\n\n<p><em>Les F\u00e9lins<\/em> est <a href=\"https:\/\/www.arte.tv\/fr\/videos\/041742-000-A\/les-felins\/\" target=\"_blank\" rel=\"noreferrer noopener\">visible en ce moment sur Arte<\/a>, ne le ratez surtout pas.<\/p>\n","protected":false},"excerpt":{"rendered":"<p>Avant d&rsquo;exploser mondialement avec le fabuleux th\u00e8me du g\u00e9n\u00e9rique de la s\u00e9rie Mission : Impossible en 1966, Lalo Schifrin s&rsquo;\u00e9tait d\u00e9j\u00e0 fait un nom dans le jazz, notamment aux c\u00f4t\u00e9s du trompettiste Dizzy Gillespie. Mais c&rsquo;est en 1964 que son talent de compositeur pour l&rsquo;\u00e9cran \u00e9clate au grand jour avec Les F\u00e9lins de Ren\u00e9 Cl\u00e9ment&#8230;.<\/p>\n","protected":false},"author":1,"featured_media":569,"comment_status":"open","ping_status":"open","sticky":false,"template":"","format":"standard","meta":{"_monsterinsights_skip_tracking":false,"_monsterinsights_sitenote_active":false,"_monsterinsights_sitenote_note":"","_monsterinsights_sitenote_category":0,"footnotes":""},"categories":[36],"tags":[27,59,61,43,22,60],"class_list":["post-564","post","type-post","status-publish","format-standard","has-post-thumbnail","hentry","category-musique-de-film","tag-cinema","tag-lalo-schifrin","tag-les-felins","tag-movie-soundtrack","tag-musique-de-film","tag-rene-clement"],"_links":{"self":[{"href":"https:\/\/lightofmylife.fr\/index.php\/wp-json\/wp\/v2\/posts\/564","targetHints":{"allow":["GET"]}}],"collection":[{"href":"https:\/\/lightofmylife.fr\/index.php\/wp-json\/wp\/v2\/posts"}],"about":[{"href":"https:\/\/lightofmylife.fr\/index.php\/wp-json\/wp\/v2\/types\/post"}],"author":[{"embeddable":true,"href":"https:\/\/lightofmylife.fr\/index.php\/wp-json\/wp\/v2\/users\/1"}],"replies":[{"embeddable":true,"href":"https:\/\/lightofmylife.fr\/index.php\/wp-json\/wp\/v2\/comments?post=564"}],"version-history":[{"count":20,"href":"https:\/\/lightofmylife.fr\/index.php\/wp-json\/wp\/v2\/posts\/564\/revisions"}],"predecessor-version":[{"id":766,"href":"https:\/\/lightofmylife.fr\/index.php\/wp-json\/wp\/v2\/posts\/564\/revisions\/766"}],"wp:featuredmedia":[{"embeddable":true,"href":"https:\/\/lightofmylife.fr\/index.php\/wp-json\/wp\/v2\/media\/569"}],"wp:attachment":[{"href":"https:\/\/lightofmylife.fr\/index.php\/wp-json\/wp\/v2\/media?parent=564"}],"wp:term":[{"taxonomy":"category","embeddable":true,"href":"https:\/\/lightofmylife.fr\/index.php\/wp-json\/wp\/v2\/categories?post=564"},{"taxonomy":"post_tag","embeddable":true,"href":"https:\/\/lightofmylife.fr\/index.php\/wp-json\/wp\/v2\/tags?post=564"}],"curies":[{"name":"wp","href":"https:\/\/api.w.org\/{rel}","templated":true}]}}