{"id":1241,"date":"2025-02-09T10:23:49","date_gmt":"2025-02-09T09:23:49","guid":{"rendered":"https:\/\/lightofmylife.fr\/?p=1241"},"modified":"2025-02-09T11:26:56","modified_gmt":"2025-02-09T10:26:56","slug":"francois-de-roubaix-la-modernite-a-loeuvre","status":"publish","type":"post","link":"https:\/\/lightofmylife.fr\/index.php\/2025\/02\/09\/francois-de-roubaix-la-modernite-a-loeuvre\/","title":{"rendered":"Fran\u00e7ois de Roubaix : la modernit\u00e9 \u00e0 l\u2019\u0153uvre"},"content":{"rendered":"\n<p>En novembre 2025, cela fera cinquante ans que <a href=\"https:\/\/www.francoisderoubaix.com\/\" target=\"_blank\" rel=\"noreferrer noopener\">Fran\u00e7ois de Roubaix<\/a> nous a quitt\u00e9s. En 1975, le compositeur disparaissait dans un accident de plong\u00e9e, au fond d&rsquo;une grotte de Tenerife. Pionnier du <em>home studio,<\/em> po\u00e8te de l&rsquo;\u00e9lectronique, sans cesse sampl\u00e9 et remix\u00e9 par les nouvelles g\u00e9n\u00e9rations, Fran\u00e7ois de Roubaix a marqu\u00e9 de son empreinte une d\u00e9cennie prodigieuse (1965-1975), avec plusieurs bandes (tr\u00e8s) originales, associ\u00e9es \u00e0 des com\u00e9diens comme Delon, Ventura ou Belmondo :\u00a0<em>Les Grandes gueules<\/em>,\u00a0<em>Le Samoura\u00ef<\/em>,\u00a0<em>Dernier domicile connu<\/em>,\u00a0<em>La Scoumoune<\/em>\u2026\u00a0<\/p>\n\n\n\n<p>Autodidacte g\u00e9nial, De Roubaix avait une conception tr\u00e8s personnelle de la musique qui consistait \u00e0 faire tomber les barri\u00e8res pour favoriser l&rsquo;exploration et l&rsquo;exp\u00e9rimentation. <em>\u00ab En fait, <\/em>disait-il, <em>ma d\u00e9marche, c\u2019est de m\u00e9langer deux genres, musique traditionnelle et musique \u00e9lectronique. J\u2019essaye de cr\u00e9er une sorte de pont entre le folklore et la recherche. \u00bb<\/em><\/p>\n\n\n\n<p>La session d&rsquo;\u00e9coute d\u00e9di\u00e9e au compositeur que j&rsquo;anime cet apr\u00e8s-midi au <a href=\"https:\/\/listener.fr\/\" target=\"_blank\" rel=\"noreferrer noopener\">Listener<\/a> est l&rsquo;occasion de se pencher bri\u00e8vement sur sa <a href=\"https:\/\/www.francoisderoubaix.net\/bio\" target=\"_blank\" rel=\"noreferrer noopener\">biographie<\/a>. Fran\u00e7ois de Roubaix, n\u00e9 le 3 avril 1939, est le fils de Paul de Roubaix, producteur de films institutionnels, et de Mimma Indelli, artiste peintre et cr\u00e9atrice de dessins anim\u00e9s. Durant son enfance, il d\u00e9veloppe une passion pour la musique apr\u00e8s avoir re\u00e7u un harmonica de sa grand-m\u00e8re, et d\u00e9couvre \u00e9galement un amour pour la mer, initi\u00e9 par sa m\u00e8re lors de vacances \u00e0 Toulon et Saint-Rapha\u00ebl. Dans les ann\u00e9es 1950, sa famille acquiert une propri\u00e9t\u00e9 en Corse, qui deviendra son refuge tout au long de sa vie. Fran\u00e7ois s&rsquo;immerge dans le jazz, jouant de la guitare et du trombone, et fonde l&rsquo;orchestre New Orleans College avec des amis. Il accompagne des artistes renomm\u00e9s comme Bill Coleman et Albert Nicholas. Apr\u00e8s une br\u00e8ve carri\u00e8re aux Jeunesses Musicales de France, il suit son p\u00e8re en Afrique sur des tournages, se familiarisant avec divers m\u00e9tiers techniques du cin\u00e9ma. Sa rencontre avec le r\u00e9alisateur Robert Enrico marque le d\u00e9but de sa carri\u00e8re de compositeur pour le cin\u00e9ma, collaborant sur des courts m\u00e9trages et des longs m\u00e9trages tels que <em>Les Grandes gueules<\/em> (1965) et <em>Les Aventuriers<\/em> (1967). Il compose \u00e9galement pour la t\u00e9l\u00e9vision, notamment pour la s\u00e9rie <em>Les Cinq derni\u00e8res minutes, <\/em>et s&rsquo;illustre dans la publicit\u00e9, notamment avec les Films Jean Mineur. <\/p>\n\n\n\n<figure class=\"wp-block-image size-full\"><img loading=\"lazy\" decoding=\"async\" width=\"1024\" height=\"715\" src=\"https:\/\/lightofmylife.fr\/wp-content\/uploads\/2025\/02\/Claque_rythme.jpg\" alt=\"\" class=\"wp-image-1251\" srcset=\"https:\/\/lightofmylife.fr\/wp-content\/uploads\/2025\/02\/Claque_rythme.jpg 1024w, https:\/\/lightofmylife.fr\/wp-content\/uploads\/2025\/02\/Claque_rythme-300x209.jpg 300w, https:\/\/lightofmylife.fr\/wp-content\/uploads\/2025\/02\/Claque_rythme-768x536.jpg 768w, https:\/\/lightofmylife.fr\/wp-content\/uploads\/2025\/02\/Claque_rythme-850x594.jpg 850w\" sizes=\"auto, (max-width: 1024px) 100vw, 1024px\" \/><\/figure>\n\n\n\n<p>De 1964 \u00e0 sa disparition en 1975, Fran\u00e7ois de Roubaix signe les bandes originales de 35 longs m\u00e9trages, en plus de nombreuses compositions pour des courts m\u00e9trages, des publicit\u00e9s, des documentaires et des s\u00e9ries t\u00e9l\u00e9vis\u00e9es. Il est reconnu pour sa capacit\u00e9 \u00e0 cr\u00e9er des atmosph\u00e8res musicales uniques, m\u00ealant instruments traditionnels et \u00e9lectroniques, laissant une empreinte ind\u00e9l\u00e9bile dans le paysage musical fran\u00e7ais et mondial. <strong>Si de nombreux musiciens ont pioch\u00e9 dans son \u0153uvre pour pimenter la leur, c&rsquo;est qu&rsquo;il faisait preuve d&rsquo;une modernit\u00e9 bien en avance sur son temps, rendue encore plus incontournable par le passage du temps. <\/strong>Toujours loin des chapelles, rejetant toute convention, il d\u00e9clarait : <em>\u00ab\u00a0De mon point de vue, ce que l&rsquo;on appelle commun\u00e9ment \u00ab\u00a0musique contemporaine\u00a0\u00bb correspond en r\u00e9alit\u00e9 \u00e0 la musique de recherche. La vraie musique contemporaine, c&rsquo;est la musique vivante d&rsquo;aujourd&rsquo;hui, le jazz ou la pop, celle des Beatles ou des Pink Floyd.\u00a0\u00bb<\/em> <\/p>\n\n\n\n<p>Sa disparition a mis un coup d&rsquo;arr\u00eat brutal \u00e0 une carri\u00e8re qui l&rsquo;aurait certainement vu explorer de nouvelles voies musicales.<\/p>\n\n\n\n<p>En avril 2025, Universal Music France (Panth\u00e9on-Decca) publiera pour la premi\u00e8re fois en version int\u00e9grale une bande originale culte de Fran\u00e7ois de Roubaix, compl\u00e9t\u00e9e de nombreux in\u00e9dits et remixes.<\/p>\n\n\n\n<p><strong>Rendez-vous <a href=\"https:\/\/www.facebook.com\/events\/588972450568029\/permalink\/588972527234688\/?notif_id=1739096674980395&amp;notif_t=feedback_reaction_generic&amp;ref=notif\" target=\"_blank\" rel=\"noreferrer noopener\">dimanche 9 f\u00e9vrier \u00e0 15h30<\/a> pour rendre hommage \u00e0 ce compositeur de g\u00e9nie au Listener, 10, rue Vivienne, Paris 2e.<\/strong><\/p>\n\n\n\n<p>Les citations sont extraites du livret du disque <em>Le Monde \u00e9lectronique de Fran\u00e7ois de Roubaix <\/em>paru chez Universal Music en 2004, dans la collection \u00c9coutez le cin\u00e9ma pilot\u00e9e par St\u00e9phane Lerouge.<\/p>\n","protected":false},"excerpt":{"rendered":"<p>En novembre 2025, cela fera cinquante ans que Fran\u00e7ois de Roubaix nous a quitt\u00e9s. En 1975, le compositeur disparaissait dans un accident de plong\u00e9e, au fond d&rsquo;une grotte de Tenerife. Pionnier du home studio, po\u00e8te de l&rsquo;\u00e9lectronique, sans cesse sampl\u00e9 et remix\u00e9 par les nouvelles g\u00e9n\u00e9rations, Fran\u00e7ois de Roubaix a marqu\u00e9 de son empreinte une&#8230;<\/p>\n","protected":false},"author":1,"featured_media":1250,"comment_status":"open","ping_status":"open","sticky":false,"template":"","format":"standard","meta":{"_monsterinsights_skip_tracking":false,"_monsterinsights_sitenote_active":false,"_monsterinsights_sitenote_note":"","_monsterinsights_sitenote_category":0,"footnotes":""},"categories":[36,16],"tags":[130,22,131],"class_list":["post-1241","post","type-post","status-publish","format-standard","has-post-thumbnail","hentry","category-musique-de-film","category-personnalites","tag-francois-de-roubaix","tag-musique-de-film","tag-robert-enrico"],"_links":{"self":[{"href":"https:\/\/lightofmylife.fr\/index.php\/wp-json\/wp\/v2\/posts\/1241","targetHints":{"allow":["GET"]}}],"collection":[{"href":"https:\/\/lightofmylife.fr\/index.php\/wp-json\/wp\/v2\/posts"}],"about":[{"href":"https:\/\/lightofmylife.fr\/index.php\/wp-json\/wp\/v2\/types\/post"}],"author":[{"embeddable":true,"href":"https:\/\/lightofmylife.fr\/index.php\/wp-json\/wp\/v2\/users\/1"}],"replies":[{"embeddable":true,"href":"https:\/\/lightofmylife.fr\/index.php\/wp-json\/wp\/v2\/comments?post=1241"}],"version-history":[{"count":14,"href":"https:\/\/lightofmylife.fr\/index.php\/wp-json\/wp\/v2\/posts\/1241\/revisions"}],"predecessor-version":[{"id":1260,"href":"https:\/\/lightofmylife.fr\/index.php\/wp-json\/wp\/v2\/posts\/1241\/revisions\/1260"}],"wp:featuredmedia":[{"embeddable":true,"href":"https:\/\/lightofmylife.fr\/index.php\/wp-json\/wp\/v2\/media\/1250"}],"wp:attachment":[{"href":"https:\/\/lightofmylife.fr\/index.php\/wp-json\/wp\/v2\/media?parent=1241"}],"wp:term":[{"taxonomy":"category","embeddable":true,"href":"https:\/\/lightofmylife.fr\/index.php\/wp-json\/wp\/v2\/categories?post=1241"},{"taxonomy":"post_tag","embeddable":true,"href":"https:\/\/lightofmylife.fr\/index.php\/wp-json\/wp\/v2\/tags?post=1241"}],"curies":[{"name":"wp","href":"https:\/\/api.w.org\/{rel}","templated":true}]}}