{"id":1082,"date":"2025-01-24T10:47:44","date_gmt":"2025-01-24T09:47:44","guid":{"rendered":"https:\/\/lightofmylife.fr\/?p=1082"},"modified":"2025-01-29T10:12:49","modified_gmt":"2025-01-29T09:12:49","slug":"david-cronenberg-il-faut-preserver-lhumour-a-tout-prix","status":"publish","type":"post","link":"https:\/\/lightofmylife.fr\/index.php\/2025\/01\/24\/david-cronenberg-il-faut-preserver-lhumour-a-tout-prix\/","title":{"rendered":"David Cronenberg : \u00ab\u00a0Il faut pr\u00e9server l&rsquo;humour \u00e0 tout prix\u00a0\u00bb"},"content":{"rendered":"\n<p>Invit\u00e9 dans le cadre d&rsquo;une r\u00e9trospective compl\u00e8te de son \u0153uvre, le cin\u00e9aste canadien David Cronenberg \u00e9tait pr\u00e9sent jeudi soir \u00e0 la Cin\u00e9math\u00e8que fran\u00e7aise pour une \u00ab\u00a0le\u00e7on de cin\u00e9ma\u00a0\u00bb apr\u00e8s la projection de son film le plus connu du grand public <em>La Mouche<\/em> (1986). Visiblement en forme malgr\u00e9 son grand \u00e2ge (81 ans), il s&rsquo;est pr\u00eat\u00e9 au jeu des questions pos\u00e9es par le directeur du v\u00e9n\u00e9rable \u00e9tablissement (<a href=\"https:\/\/lightofmylife.fr\/index.php\/2025\/01\/14\/la-cinematheque-francaise-dans-la-tourmente\/\" target=\"_blank\" rel=\"noreferrer noopener\">qui traverse une temp\u00eate en ce moment<\/a>) Fr\u00e9d\u00e9ric Bonnaud, et de Bernard Benoliel (directeur de l&rsquo;action culturelle et \u00e9ducative). Extraits choisis.<\/p>\n\n\n\n<p>Interrog\u00e9 sur <em>La Mouche,<\/em> Cronenberg d\u00e9clare, apr\u00e8s s&rsquo;\u00eatre excus\u00e9 d&rsquo;avoir le m\u00eame \u00e2ge que Biden et d&rsquo;\u00eatre donc possiblement sujet aux trous de m\u00e9moire :<em> \u00ab\u00a0C\u2019est une histoire d\u2019amour avant tout. Jeff Goldblum et Geena Davis \u00e9taient en couple \u00e0 l&rsquo;\u00e9poque. L\u2019histoire est tr\u00e8s dure. Et le fait que ce soit un film de genre l&rsquo;a rendu acceptable aux yeux des financiers. Le genre donne de la libert\u00e9.\u00a0\u00bb<\/em><\/p>\n\n\n\n<p>Sur la difficult\u00e9 d&rsquo;adapter des romans r\u00e9put\u00e9s inadaptables (comme ce fut le cas avec <em>Crash<\/em> ou <em>Le Festin nu)<\/em> : <em>\u00ab\u00a0Il faut faire comme si on adaptait l\u2019histoire pour la premi\u00e8re fois. Concernant <\/em>La Mouche,<em> c\u2019est moi qui en ai fait une histoire d\u2019amour. L\u2019adaptation est une transformation myst\u00e9rieuse.\u00a0\u00bb<\/em><\/p>\n\n\n\n<p>Concernant les effets sp\u00e9ciaux et la volont\u00e9 de tout montrer, m\u00eame le plus horrible, il d\u00e9clare :<em> \u00ab\u00a0Cela m\u2019a paru naturel. Nous savions comment fonctionne l\u2019ADN. Le film s\u2019est fait \u00e0 l\u2019\u00e9poque du sida. Et le sujet pouvait \u00eatre une m\u00e9taphore pour beaucoup de choses dont la mort et la maladie.\u00a0\u00bb<\/em> Il d\u00e9clare que la technologie num\u00e9rique donne une grande libert\u00e9 et fait l&rsquo;apologie dans ce sens de <em>The Substance.<\/em><\/p>\n\n\n\n<p>Questionn\u00e9 sur son positionnement en dehors d&rsquo;Hollywood, il dit : <em>\u00ab\u00a0Cela me donne de la libert\u00e9 de tourner \u00e0 Toronto. Je suis dans mon \u00e9l\u00e9ment.<\/em> <em>Je suis Canadien et pas Am\u00e9ricain. Je suis tr\u00e8s attach\u00e9 \u00e0 cette ville, je me sens \u00e0 mi-chemin entre l\u2019Europe et les USA.\u00a0\u00bb<\/em><\/p>\n\n\n\n<p>Il a \u00e9t\u00e9 choqu\u00e9 comme nous tous par la <a href=\"https:\/\/lightofmylife.fr\/index.php\/2025\/01\/17\/goodbye-david-lynch\/\" target=\"_blank\" rel=\"noreferrer noopener\">disparition de David Lynch<\/a> : <em>\u00ab\u00a0Je connaissais bien David. Je l\u2019aimais beaucoup. Il se faisait bousculer par le studio sur <\/em>Dune<em> et le consid\u00e9rait comme un \u00e9chec. Je tournais <\/em>Dead Zone <em>en m\u00eame temps pour le m\u00eame producteur, Dino de Laurentiis. Et du coup comme Dino \u00e9tait accapar\u00e9 par <\/em>Dune<em> qui \u00e9tait une \u00e9norme production, il m\u2019a laiss\u00e9 libre de faire ce que je voulais. Ce n\u2018\u00e9tait pas le cas de David. Nous nous entendions tr\u00e8s bien.\u00a0\u00bb<\/em><\/p>\n\n\n\n<figure class=\"wp-block-image size-full\"><img loading=\"lazy\" decoding=\"async\" width=\"1024\" height=\"576\" src=\"https:\/\/lightofmylife.fr\/wp-content\/uploads\/2025\/01\/Cronenberg2.jpg\" alt=\"\" class=\"wp-image-1094\" srcset=\"https:\/\/lightofmylife.fr\/wp-content\/uploads\/2025\/01\/Cronenberg2.jpg 1024w, https:\/\/lightofmylife.fr\/wp-content\/uploads\/2025\/01\/Cronenberg2-300x169.jpg 300w, https:\/\/lightofmylife.fr\/wp-content\/uploads\/2025\/01\/Cronenberg2-768x432.jpg 768w, https:\/\/lightofmylife.fr\/wp-content\/uploads\/2025\/01\/Cronenberg2-850x478.jpg 850w\" sizes=\"auto, (max-width: 1024px) 100vw, 1024px\" \/><\/figure>\n\n\n\n<p>A-t-il un jour pens\u00e9 \u00e0 tourner un film en 3D ? <em>\u00ab\u00a0Oui j\u2019y ai pens\u00e9. J\u2019en avais parl\u00e9 avec Scorsese apr\u00e8s qu&rsquo;il a tourn\u00e9 <\/em>Hugo Cabret<em> et il m\u2018avait expliqu\u00e9 les limitations li\u00e9es au support, ce qui m&rsquo;a refroidi. Puis, la t\u00e9l\u00e9vision dans les foyers s\u2019y est mise bri\u00e8vement, avant de l&rsquo;abandonner. Je me souviens des films 3D quand j\u2019\u00e9tais petit, certaines projections m&rsquo;avaient marqu\u00e9. C\u2019\u00e9tait une mode, mais c&rsquo;est trop compliqu\u00e9.\u00a0\u00bb<\/em><\/p>\n\n\n\n<p>Qu&rsquo;a-t-il pens\u00e9 du scandale cr\u00e9\u00e9 au Festival de Cannes lors de la sortie de <em>Crash<\/em> en 1996 ? <em>\u00ab\u00a0J\u2019\u00e9tais surpris que cela choque autant. Le livre n\u2019avait pas caus\u00e9 de scandale. Le film n\u2019est pas aussi radical que le livre. Dans le livre, les personnages sont laids, pas dans mon film. J\u2019\u00e9tais heureux que cela fasse r\u00e9agir les gens. Il y a eu une projection r\u00e9cente en 4K avec des jeunes, et ils n\u2019ont pas \u00e9t\u00e9 choqu\u00e9s, les temps changent.\u00a0\u00bb<\/em><\/p>\n\n\n\n<p>Puis, on lui demande s&rsquo;il a d\u00e9j\u00e0 c\u00e9d\u00e9 \u00e0 la tentation de l&rsquo;autocensure. <em>\u00ab\u00a0Jamais. Quand j\u2019\u00e9cris, je ne suis pas soucieux de \u00e7a. Avec l&rsquo;exp\u00e9rience, j&rsquo;ai appris sur un tournage \u00e0 m&rsquo;\u00e9conomiser, \u00e0 ne tourner que l&rsquo;essentiel.\u00a0\u00bb<\/em> Et sa carri\u00e8re d&rsquo;\u00e9crivain (il a publi\u00e9 un roman en 2016 chez Gallimard, <em>Consum\u00e9s)<\/em> ? <br><em>\u00ab\u00a0Jeune, je voulais \u00eatre romancier. Puis beaucoup plus tard, j&rsquo;ai \u00e9crit un roman et c\u2019\u00e9tait comme r\u00e9aliser tout seul ! Pas besoin de contenter un producteur ou de g\u00e9rer une \u00e9quipe technique !\u00a0\u00bb<\/em><\/p>\n\n\n\n<p>Concernant sa longue et fructueuse collaboration avec Howard Shore :<em> \u00ab\u00a0Il est de Toronto aussi. On se conna\u00eet depuis longtemps. Il a particip\u00e9 \u00e0 l&rsquo;\u00e9mission Saturday Night Live, puis mon premier film avec un score de lui, c&rsquo;\u00e9tait <\/em>Chromosome 3<em> en 1979. C\u2019est dur de parler de la musique. Mais avec Howard, elle ne participe pas \u00e0 l&rsquo;ambiance, elle la cr\u00e9e, ce n&rsquo;est pas pareil. Nous avons une sorte de t\u00e9l\u00e9pathie. Beaucoup de scores accentuent ce qu&rsquo;il y a \u00e0 l\u2019\u00e9cran. Mais pour nous, la musique est sur un autre niveau. Elle dit autre chose que l\u2019image. D&rsquo;ailleurs, nous avons adapt\u00e9 <\/em>La Mouche<em> en op\u00e9ra au Th\u00e9\u00e2tre du Ch\u00e2telet en 2008, une adaptation que j\u2019ai dirig\u00e9e.\u00a0\u00bb<\/em><\/p>\n\n\n\n<p>Concernant le travail du r\u00e9alisateur, il d\u00e9clare : <em>\u00ab\u00a0Il doit d\u00e9couvrir ce que le film exige de lui.\u00a0\u00bb<\/em> Surpris que le cin\u00e9aste ait construit son propre univers sans, en apparence, faire des r\u00e9f\u00e9rences \u00e0 celui d&rsquo;autres, Bonnaud le questionne sur le sujet. Cronenberg r\u00e9pond avec malice : <em>\u00ab\u00a0Un artiste moyen emprunte. Un vrai artiste vole.\u00a0\u00bb<\/em><\/p>\n\n\n\n<p>Enfin, le cin\u00e9aste dont le prochain film, <em>Les Linceuls,<\/em> sortira en France fin avril, \u00e9voque Mel Brooks, r\u00e9alisateur de com\u00e9dies hilarantes mais aussi grand producteur, notamment pour Lynch <em>(Elephant Man), <\/em>mais aussi pour lui <em>(La Mouche) <\/em>: <em>\u00ab\u00a0Mel Brooks \u00e9tait \u00e0 ma grande surprise un tr\u00e8s bon producteur. Il m\u2019a laiss\u00e9 libre de r\u00e9\u00e9crire le sc\u00e9nario \u00e0 ma guise.\u00a0\u00bb<\/em><\/p>\n\n\n\n<p>Une personne de l&rsquo;assistance demande ce qu&rsquo;il conseillerait \u00e0 un jeune qui souhaiterait se lancer dans le cin\u00e9ma :<em> \u00ab\u00a0Je lui dirais, change de m\u00e9tier ! Depuis la pand\u00e9mie et l&rsquo;av\u00e8nement des plateformes, c&rsquo;est devenu tr\u00e8s difficile de faire des films int\u00e9ressants.\u00a0\u00bb<\/em><\/p>\n\n\n\n<p>Enfin, sur l&rsquo;humour que contient son \u0153uvre, il d\u00e9clare en forme de conclusion : <em>\u00ab\u00a0Tous mes films sont des com\u00e9dies, ils sont \u00e0 l\u2019image de la vie. Il para\u00eet que les tournages de Bergman \u00e9taient dr\u00f4les malgr\u00e9 le caract\u00e8re parfois aust\u00e8re de ses films. Il faut pr\u00e9server \u00e7a quoi que vous fassiez.\u00a0\u00bb<\/em><\/p>\n","protected":false},"excerpt":{"rendered":"<p>Invit\u00e9 dans le cadre d&rsquo;une r\u00e9trospective compl\u00e8te de son \u0153uvre, le cin\u00e9aste canadien David Cronenberg \u00e9tait pr\u00e9sent jeudi soir \u00e0 la Cin\u00e9math\u00e8que fran\u00e7aise pour une \u00ab\u00a0le\u00e7on de cin\u00e9ma\u00a0\u00bb apr\u00e8s la projection de son film le plus connu du grand public La Mouche (1986). Visiblement en forme malgr\u00e9 son grand \u00e2ge (81 ans), il s&rsquo;est pr\u00eat\u00e9&#8230;<\/p>\n","protected":false},"author":1,"featured_media":1086,"comment_status":"open","ping_status":"open","sticky":false,"template":"","format":"standard","meta":{"_monsterinsights_skip_tracking":false,"_monsterinsights_sitenote_active":false,"_monsterinsights_sitenote_note":"","_monsterinsights_sitenote_category":0,"footnotes":""},"categories":[16],"tags":[69,95,101,57,22],"class_list":["post-1082","post","type-post","status-publish","format-standard","has-post-thumbnail","hentry","category-personnalites","tag-cinema-2","tag-david-cronenberg","tag-david-lynch","tag-howard-shore","tag-musique-de-film"],"_links":{"self":[{"href":"https:\/\/lightofmylife.fr\/index.php\/wp-json\/wp\/v2\/posts\/1082","targetHints":{"allow":["GET"]}}],"collection":[{"href":"https:\/\/lightofmylife.fr\/index.php\/wp-json\/wp\/v2\/posts"}],"about":[{"href":"https:\/\/lightofmylife.fr\/index.php\/wp-json\/wp\/v2\/types\/post"}],"author":[{"embeddable":true,"href":"https:\/\/lightofmylife.fr\/index.php\/wp-json\/wp\/v2\/users\/1"}],"replies":[{"embeddable":true,"href":"https:\/\/lightofmylife.fr\/index.php\/wp-json\/wp\/v2\/comments?post=1082"}],"version-history":[{"count":21,"href":"https:\/\/lightofmylife.fr\/index.php\/wp-json\/wp\/v2\/posts\/1082\/revisions"}],"predecessor-version":[{"id":1174,"href":"https:\/\/lightofmylife.fr\/index.php\/wp-json\/wp\/v2\/posts\/1082\/revisions\/1174"}],"wp:featuredmedia":[{"embeddable":true,"href":"https:\/\/lightofmylife.fr\/index.php\/wp-json\/wp\/v2\/media\/1086"}],"wp:attachment":[{"href":"https:\/\/lightofmylife.fr\/index.php\/wp-json\/wp\/v2\/media?parent=1082"}],"wp:term":[{"taxonomy":"category","embeddable":true,"href":"https:\/\/lightofmylife.fr\/index.php\/wp-json\/wp\/v2\/categories?post=1082"},{"taxonomy":"post_tag","embeddable":true,"href":"https:\/\/lightofmylife.fr\/index.php\/wp-json\/wp\/v2\/tags?post=1082"}],"curies":[{"name":"wp","href":"https:\/\/api.w.org\/{rel}","templated":true}]}}